{"id":533,"date":"2019-08-19T10:01:36","date_gmt":"2019-08-19T10:01:36","guid":{"rendered":"https:\/\/pixxen.de\/?p=533"},"modified":"2019-08-19T10:28:41","modified_gmt":"2019-08-19T10:28:41","slug":"alle-infos-auf-einen-blick","status":"publish","type":"post","link":"https:\/\/pixxen.de\/index.php\/2019\/08\/19\/alle-infos-auf-einen-blick\/","title":{"rendered":"Pixxen Festival 2019: Alle Infos auf einen Blick"},"content":{"rendered":"\n<p>Auch wenn wir das nun bereits seit 10 Jahren machen, kommen jedes Jahr neue oder alte Fragen auf den Tisch. Hier nochmal viele Infos f\u00fcr euch auf einen Blick:<\/p>\n\n\n\n<ul><li>24. August 2019 in Neukamperfehn<\/li><li>Einlass ab 14:00, Beginn ab 14:30, Ende 03:00<\/li><li>Eintritt 10\u20ac Inkl Stoffband, bis 12 Jahre 1\u20ac<\/li><\/ul>\n\n\n\n<p>Sonstige n\u00fctzliche Antworten und Infos findet ihr unter <a href=\"https:\/\/pixxen.de\/index.php\/festival\/\">Festival<\/a> und <a href=\"https:\/\/pixxen.de\/index.php\/festival\/faqs\/\">FAQ<\/a>s. Beachtet die Infos zu <a href=\"https:\/\/pixxen.de\/index.php\/festival\/line-up\/\">Spielzeiten<\/a>, <a href=\"https:\/\/pixxen.de\/index.php\/festival\/shuttlebus\/\">Bussen<\/a> &amp; unserer <a href=\"https:\/\/pixxen.de\/index.php\/festival\/platzordnung\/\">Hausordnung<\/a>.<\/p>\n\n\n\n<p>Den Weg zu uns findet ihr unter <a href=\"https:\/\/pixxen.de\/index.php\/festival\/anreise\/\">Anfahrt.<\/a> Nutzt auch gerne und bitte die <a href=\"https:\/\/pixxen.de\/index.php\/festival\/shuttlebus\/\">Shuttlebusse<\/a>, falls diese f\u00fcr euch in Frage kommen. <\/p>\n\n\n\n<figure class=\"wp-block-image\"><img loading=\"lazy\" width=\"634\" height=\"352\" src=\"https:\/\/pixxen.de\/wp-content\/uploads\/2019\/08\/3605dacd-0066-4f59-96d3-5bb2c59ef096.jpg\" alt=\"\" class=\"wp-image-554\" srcset=\"https:\/\/pixxen.de\/wp-content\/uploads\/2019\/08\/3605dacd-0066-4f59-96d3-5bb2c59ef096.jpg 634w, https:\/\/pixxen.de\/wp-content\/uploads\/2019\/08\/3605dacd-0066-4f59-96d3-5bb2c59ef096-350x194.jpg 350w, https:\/\/pixxen.de\/wp-content\/uploads\/2019\/08\/3605dacd-0066-4f59-96d3-5bb2c59ef096-300x167.jpg 300w\" sizes=\"(max-width: 634px) 100vw, 634px\" \/><\/figure>\n\n\n\n<p>Gerne begr\u00fc\u00dfen wir euch auch als Radtouristen \ud83d\ude09 Es sind einige Stra\u00dfen gesperrt und viele Umleitungen aufgestellt, generell herrscht viel Verkehr am 24. August. Die untere Skizze des Ortes Neukamperfehn soll euch bei der Ankunft unterst\u00fctzen. Nutzt den Parkplatz, sonst k\u00f6nnte es sein, dass euer Auto weg ist, wenn ihr wiederkommt. Auf dem Parkplatz darf nicht gecampt werden! <\/p>\n\n\n\n<figure class=\"wp-block-image\"><img loading=\"lazy\" width=\"960\" height=\"764\" src=\"https:\/\/pixxen.de\/wp-content\/uploads\/2019\/08\/38697980_1982636835100249_942037180149137408_n.jpg\" alt=\"\" class=\"wp-image-534\" srcset=\"https:\/\/pixxen.de\/wp-content\/uploads\/2019\/08\/38697980_1982636835100249_942037180149137408_n.jpg 960w, https:\/\/pixxen.de\/wp-content\/uploads\/2019\/08\/38697980_1982636835100249_942037180149137408_n-350x279.jpg 350w, https:\/\/pixxen.de\/wp-content\/uploads\/2019\/08\/38697980_1982636835100249_942037180149137408_n-300x239.jpg 300w, https:\/\/pixxen.de\/wp-content\/uploads\/2019\/08\/38697980_1982636835100249_942037180149137408_n-768x611.jpg 768w\" sizes=\"(max-width: 767px) 89vw, (max-width: 1000px) 54vw, (max-width: 1071px) 543px, 580px\" \/><\/figure>\n\n\n\n<p> Was selbstverst\u00e4ndlich sein sollte: Fahrt generell vorsichtig und nur n\u00fcchtern, keine Macht den Drogen. Das sehen wir \u00e4hnlich wie Zoll &amp; Polizei, welche auch vor Ort sein werden. <\/p>\n\n\n\n<p>Wie l\u00e4uft dann alles ab? Erst einmal angekommen hei\u00dft es kurz aufs kostenlose, saubere wassersgep\u00fclte WC und dann den Eintritt zahlen. Ab 14:00 hat unsere Kasse auf! Hier bitte Ausweis &amp; 10\u20ac bereit halten. Es gibt das Stoffb\u00e4ndchen und ein zus\u00e4tzliches B\u00e4ndchen f\u00fcr die Altersmarkierung damit es an den Getr\u00e4nkebuden schnell geht. Wir haben zwei Kassen, bitte beide nutzen. Falls ihr vorher noch was mitgebrachtes trinkt oder esst, bitte euren M\u00fcll in die S\u00e4cke und Tonnen. Seid nett zu den Nachbarn. Rucks\u00e4cke sind verboten, alles \u00fcber DinA4 muss drau\u00dfen bleiben, wir haben keine Garderobe. Es gibt eine Taschenkontrolle durch unsere Security, wem das nicht passt, darf zu Hause bleiben.  <\/p>\n\n\n\n<figure class=\"wp-block-image\"><img loading=\"lazy\" width=\"754\" height=\"808\" src=\"https:\/\/pixxen.de\/wp-content\/uploads\/2019\/08\/image-1.png\" alt=\"\" class=\"wp-image-536\" srcset=\"https:\/\/pixxen.de\/wp-content\/uploads\/2019\/08\/image-1.png 754w, https:\/\/pixxen.de\/wp-content\/uploads\/2019\/08\/image-1-350x375.png 350w, https:\/\/pixxen.de\/wp-content\/uploads\/2019\/08\/image-1-280x300.png 280w\" sizes=\"(max-width: 706px) 89vw, (max-width: 767px) 82vw, 740px\" \/><figcaption>Generell gilt: verhalte dich einfach vern\u00fcnftig und wir haben alle einen guten Tag!<\/figcaption><\/figure>\n\n\n\n<p>Der Einlass startet um 14:00, ab 14:30 gibt es die erste Band und 30l Freibier direkt an der B\u00fchne! Ab 15:00 startet das Programm der <a href=\"https:\/\/pixxen.de\/index.php\/unterstuetzer\/freshbeatz\/\">Freshbeatz<\/a> B\u00fchne und ab 17:00 die Show im Biergarten. <\/p>\n\n\n\n<p>Wir haben eine <a href=\"https:\/\/pixxen.de\/index.php\/festival\/essen-trinken\/\">Fressmeile<\/a> f\u00fcr euch und diverse Getr\u00e4nkebuden mit allem, was eine gute Kneipe auch hat. Nebenbei gibts das Videospielezelt, Fotobox, Sofas, einen Pool, Kicker, Bierpong &amp; viele Info- und Promost\u00e4nde. Direkt am Merch ein Shirt abgreifen, sonst sind die Weg und dann abrocken und tanzen mit den Bands und den anderen G\u00e4sten! Hier noch der <a href=\"https:\/\/pixxen.de\/index.php\/festival\/line-up\/\">Timetable<\/a> der Bands, \u00c4nderungen bleiben vorbehalten.<\/p>\n\n\n\n<figure class=\"wp-block-image\"><img loading=\"lazy\" width=\"512\" height=\"771\" src=\"https:\/\/pixxen.de\/wp-content\/uploads\/2019\/08\/Unbenannt.png\" alt=\"\" class=\"wp-image-565\" srcset=\"https:\/\/pixxen.de\/wp-content\/uploads\/2019\/08\/Unbenannt.png 512w, https:\/\/pixxen.de\/wp-content\/uploads\/2019\/08\/Unbenannt-350x527.png 350w, https:\/\/pixxen.de\/wp-content\/uploads\/2019\/08\/Unbenannt-199x300.png 199w\" sizes=\"(max-width: 512px) 100vw, 512px\" \/><\/figure>\n","protected":false},"excerpt":{"rendered":"<p>Auch wenn wir das nun bereits seit 10 Jahren machen, kommen jedes Jahr neue oder alte Fragen auf den Tisch. Hier nochmal viele Infos f\u00fcr euch auf einen Blick: 24. August 2019 in Neukamperfehn Einlass ab 14:00, Beginn ab 14:30, Ende 03:00 Eintritt 10\u20ac Inkl Stoffband, bis 12 Jahre 1\u20ac Sonstige n\u00fctzliche Antworten und Infos &hellip; <\/p>\n<p class=\"link-more\"><a href=\"https:\/\/pixxen.de\/index.php\/2019\/08\/19\/alle-infos-auf-einen-blick\/\" class=\"more-link\"><span class=\"screen-reader-text\">\u201ePixxen Festival 2019: Alle Infos auf einen Blick\u201c<\/span> weiterlesen<\/a><\/p>\n","protected":false},"author":2,"featured_media":59,"comment_status":"open","ping_status":"closed","sticky":false,"template":"","format":"standard","meta":[],"categories":[11],"tags":[],"_links":{"self":[{"href":"https:\/\/pixxen.de\/index.php\/wp-json\/wp\/v2\/posts\/533"}],"collection":[{"href":"https:\/\/pixxen.de\/index.php\/wp-json\/wp\/v2\/posts"}],"about":[{"href":"https:\/\/pixxen.de\/index.php\/wp-json\/wp\/v2\/types\/post"}],"author":[{"embeddable":true,"href":"https:\/\/pixxen.de\/index.php\/wp-json\/wp\/v2\/users\/2"}],"replies":[{"embeddable":true,"href":"https:\/\/pixxen.de\/index.php\/wp-json\/wp\/v2\/comments?post=533"}],"version-history":[{"count":7,"href":"https:\/\/pixxen.de\/index.php\/wp-json\/wp\/v2\/posts\/533\/revisions"}],"predecessor-version":[{"id":569,"href":"https:\/\/pixxen.de\/index.php\/wp-json\/wp\/v2\/posts\/533\/revisions\/569"}],"wp:featuredmedia":[{"embeddable":true,"href":"https:\/\/pixxen.de\/index.php\/wp-json\/wp\/v2\/media\/59"}],"wp:attachment":[{"href":"https:\/\/pixxen.de\/index.php\/wp-json\/wp\/v2\/media?parent=533"}],"wp:term":[{"taxonomy":"category","embeddable":true,"href":"https:\/\/pixxen.de\/index.php\/wp-json\/wp\/v2\/categories?post=533"},{"taxonomy":"post_tag","embeddable":true,"href":"https:\/\/pixxen.de\/index.php\/wp-json\/wp\/v2\/tags?post=533"}],"curies":[{"name":"wp","href":"https:\/\/api.w.org\/{rel}","templated":true}]}}