{"id":5896,"date":"2020-12-04T08:07:15","date_gmt":"2020-12-04T08:07:15","guid":{"rendered":"https:\/\/pixxen.de\/?p=5896"},"modified":"2020-12-04T09:41:19","modified_gmt":"2020-12-04T09:41:19","slug":"und-sonst-so","status":"publish","type":"post","link":"https:\/\/pixxen.de\/index.php\/2020\/12\/04\/und-sonst-so\/","title":{"rendered":"Und sonst so?"},"content":{"rendered":"\n<p>Normalerweise ist euer Pixxenteam nun besch\u00e4ftigt damit, Bands zu sichten, mit Firmen zu verhandeln, Papierkram vorzubereiten und das Festival zu planen. Dieses Jahr ist auch das anders. Alle Bands, die 2020 gespielt h\u00e4tten, haben wir f\u00fcr 2021 verpflichtet. Die wirklichen Planungen k\u00f6nnen erst starten, wenn es ein klares GO der Regierung bzw. der zust\u00e4ndigen Beh\u00f6rden gibt, dass der Sommer 2021 wieder ein normaler Sommer werden kann. <br>Da hei\u00dft es erstmal abwarten.<\/p>\n\n\n\n<p>Wir sind aber dennoch nicht unt\u00e4tig, hier als Info ein kleiner Zwischenbericht:<\/p>\n\n\n\n<div class=\"wp-block-media-text alignwide is-stacked-on-mobile\" style=\"grid-template-columns:15% auto\"><figure class=\"wp-block-media-text__media\"><img loading=\"lazy\" width=\"828\" height=\"893\" src=\"https:\/\/pixxen.de\/wp-content\/uploads\/2020\/12\/129752919_1282025528819791_8001179521746583771_n.jpg\" alt=\"\" class=\"wp-image-5897\" srcset=\"https:\/\/pixxen.de\/wp-content\/uploads\/2020\/12\/129752919_1282025528819791_8001179521746583771_n.jpg 828w, https:\/\/pixxen.de\/wp-content\/uploads\/2020\/12\/129752919_1282025528819791_8001179521746583771_n-278x300.jpg 278w, https:\/\/pixxen.de\/wp-content\/uploads\/2020\/12\/129752919_1282025528819791_8001179521746583771_n-768x828.jpg 768w, https:\/\/pixxen.de\/wp-content\/uploads\/2020\/12\/129752919_1282025528819791_8001179521746583771_n-350x377.jpg 350w\" sizes=\"(max-width: 767px) 89vw, (max-width: 1000px) 54vw, (max-width: 1071px) 543px, 580px\" \/><\/figure><div class=\"wp-block-media-text__content\">\n<h2>Martini<\/h2>\n<\/div><\/div>\n\n\n\n<p>Durch Corona wurden die Kleinsten der Kleinen und ihre Eltern dieses Jahr angehalten, am Martiniabend (In Gedenken an Martin Luthers Geburtstag traditionell in Ostfriesland der 10.11., Vorabend des katholischen Martinstags) zu Hause zu bleiben. Die sch\u00f6n gebastelten Laternen und die gut ge\u00f6lten Kinderstimmen sollten eingemottet bleiben? Nicht mit uns! Per Video schickten uns \u00fcber 50 Kids aus unserem &#8222;Heimatort&#8220; Neukamperfehn Martinilieder zu, an Martini gabs dann von uns eine s\u00fc\u00dfe \u00dcberraschung an der T\u00fcrklinke!<\/p>\n\n\n\n<div class=\"wp-block-media-text alignwide is-stacked-on-mobile\" style=\"grid-template-columns:15% auto\"><figure class=\"wp-block-media-text__media\"><img loading=\"lazy\" width=\"828\" height=\"828\" src=\"https:\/\/pixxen.de\/wp-content\/uploads\/2020\/12\/129733026_2696895337226870_1652865493774693458_n.jpg\" alt=\"\" class=\"wp-image-5898\" srcset=\"https:\/\/pixxen.de\/wp-content\/uploads\/2020\/12\/129733026_2696895337226870_1652865493774693458_n.jpg 828w, https:\/\/pixxen.de\/wp-content\/uploads\/2020\/12\/129733026_2696895337226870_1652865493774693458_n-300x300.jpg 300w, https:\/\/pixxen.de\/wp-content\/uploads\/2020\/12\/129733026_2696895337226870_1652865493774693458_n-150x150.jpg 150w, https:\/\/pixxen.de\/wp-content\/uploads\/2020\/12\/129733026_2696895337226870_1652865493774693458_n-768x768.jpg 768w, https:\/\/pixxen.de\/wp-content\/uploads\/2020\/12\/129733026_2696895337226870_1652865493774693458_n-100x100.jpg 100w, https:\/\/pixxen.de\/wp-content\/uploads\/2020\/12\/129733026_2696895337226870_1652865493774693458_n-250x250.jpg 250w, https:\/\/pixxen.de\/wp-content\/uploads\/2020\/12\/129733026_2696895337226870_1652865493774693458_n-350x350.jpg 350w\" sizes=\"(max-width: 767px) 89vw, (max-width: 1000px) 54vw, (max-width: 1071px) 543px, 580px\" \/><\/figure><div class=\"wp-block-media-text__content\">\n<h2>Merchshop<\/h2>\n<\/div><\/div>\n\n\n\n<p>Der Pixxenshirtverkauf hat es dieses Jahr unter anderem m\u00f6glich gemacht, dass wir \u00fcberhaupt Geld spenden konnten. Daher wird der Shop nun auch wieder im Dezember ge\u00f6ffnet haben, falls noch jemand ein Weihnachtsgeschenk braucht. <br>So gem\u00fctlich die Bestellung vom Sofa auch ist (und wir freuen uns nat\u00fcrlich \u00fcber die Einnahmen, die in den Topf f\u00fcrs Pixxen 2021 flie\u00dfen), schaut ruhig vorher nochmal lokal vor Ort nach, ob ihr nicht besser regionale Unternehmen unterst\u00fctzen k\u00f6nnt, indem ihr dort ein Weihnachtsgeschenk kauft. Wenn ihr dort nichts findet, kommt gern zu <a href=\"http:\/\/shop.pixxen.de\/\">uns in den Shop<\/a>! Ab dem Fr\u00fchjahr gibts auch Patches, Feuerzeuge, Nummernschildhalter und sonstigen Bl\u00f6dsinn online zu erwerben, und hoffentlich auch bald wieder Tickets!<\/p>\n\n\n\n<div class=\"wp-block-media-text alignwide is-stacked-on-mobile\" style=\"grid-template-columns:15% auto\"><figure class=\"wp-block-media-text__media\"><img loading=\"lazy\" width=\"828\" height=\"600\" src=\"https:\/\/pixxen.de\/wp-content\/uploads\/2020\/12\/129670931_1092826267838099_9204224460972338238_n-1.jpg\" alt=\"\" class=\"wp-image-5900\" srcset=\"https:\/\/pixxen.de\/wp-content\/uploads\/2020\/12\/129670931_1092826267838099_9204224460972338238_n-1.jpg 828w, https:\/\/pixxen.de\/wp-content\/uploads\/2020\/12\/129670931_1092826267838099_9204224460972338238_n-1-300x217.jpg 300w, https:\/\/pixxen.de\/wp-content\/uploads\/2020\/12\/129670931_1092826267838099_9204224460972338238_n-1-768x557.jpg 768w, https:\/\/pixxen.de\/wp-content\/uploads\/2020\/12\/129670931_1092826267838099_9204224460972338238_n-1-350x254.jpg 350w\" sizes=\"(max-width: 767px) 89vw, (max-width: 1000px) 54vw, (max-width: 1071px) 543px, 580px\" \/><\/figure><div class=\"wp-block-media-text__content\">\n<h2>Seebr\u00fccke<\/h2>\n<\/div><\/div>\n\n\n\n<p>Die weltweite Fl\u00fcchtlingskrise, besonders die angespannte Situation in den Lagern an den EU-Au\u00dfengrenzen am Mittelmeer, ist durch die derzeitige Corona-Lage aus dem Licht der \u00d6ffentlichkeit verschwunden. Damit aber keineswegs gel\u00f6st. &nbsp;Noch immer fristen zehntausende Fl\u00fcchtende unter unmenschlichen Bedingungen in den Lagern ihr Dasein. Noch immer geht das Sterben im Mittelmeer weiter. Die meisten EU-Staaten blockieren die Aufnahme, welche auch in Deutschland nur schleppend voran geht. Dennoch bitten wir die Stadt Leer ein Zeichen zu setzen, und dem B\u00fcndnis Seebr\u00fccke beizutreten. Dadurch w\u00fcrde sich die Kommune dazu bereiterkl\u00e4ren, mehr als die ihr zugewiesenen Fl\u00fcchtlinge aufzunehmen, um den Menschen, die aus Seenot gerettet werden, ein menschenw\u00fcrdiges Leben au\u00dferhalb \u00fcberf\u00fcllter Lager zu erm\u00f6glichen.&nbsp;Viele weitere Vereine, Institutionen und Firmen unterst\u00fctzen diesen Aufruf, weitere Infos gibt es <a href=\"https:\/\/ostfriesland-vernetzt.de\/\">hier<\/a>!<\/p>\n\n\n\n<div class=\"wp-block-media-text alignwide is-stacked-on-mobile\" style=\"grid-template-columns:15% auto\"><figure class=\"wp-block-media-text__media\"><img loading=\"lazy\" width=\"828\" height=\"821\" src=\"https:\/\/pixxen.de\/wp-content\/uploads\/2020\/12\/129777585_403473664341403_1711964756862954229_n.jpg\" alt=\"\" class=\"wp-image-5901\" srcset=\"https:\/\/pixxen.de\/wp-content\/uploads\/2020\/12\/129777585_403473664341403_1711964756862954229_n.jpg 828w, https:\/\/pixxen.de\/wp-content\/uploads\/2020\/12\/129777585_403473664341403_1711964756862954229_n-300x297.jpg 300w, https:\/\/pixxen.de\/wp-content\/uploads\/2020\/12\/129777585_403473664341403_1711964756862954229_n-150x150.jpg 150w, https:\/\/pixxen.de\/wp-content\/uploads\/2020\/12\/129777585_403473664341403_1711964756862954229_n-768x762.jpg 768w, https:\/\/pixxen.de\/wp-content\/uploads\/2020\/12\/129777585_403473664341403_1711964756862954229_n-100x100.jpg 100w, https:\/\/pixxen.de\/wp-content\/uploads\/2020\/12\/129777585_403473664341403_1711964756862954229_n-350x347.jpg 350w\" sizes=\"(max-width: 767px) 89vw, (max-width: 1000px) 54vw, (max-width: 1071px) 543px, 580px\" \/><\/figure><div class=\"wp-block-media-text__content\">\n<h2>Helferparty<\/h2>\n<\/div><\/div>\n\n\n\n<p>Ja gibt es auch nicht dieses Jahr. Bis auf weitere gilt: Keine Parties leider, Leute. <br>Haltet euch bitte dran, damit wir schnell durch damit sind oder so. Trotzdem danken wir nat\u00fcrlich allen, die dieses Jahr dabei waren und ein wenig Pixxen m\u00f6glich gemacht haben. N\u00e4chstes Jahr dann wieder standesgem\u00e4\u00df, versprochen!<\/p>\n\n\n\n<div class=\"wp-block-media-text alignwide is-stacked-on-mobile\" style=\"grid-template-columns:15% auto\"><figure class=\"wp-block-media-text__media\"><img loading=\"lazy\" width=\"828\" height=\"828\" src=\"https:\/\/pixxen.de\/wp-content\/uploads\/2020\/12\/129958282_4259625460720659_3106380633220064911_n.jpg\" alt=\"\" class=\"wp-image-5902\" srcset=\"https:\/\/pixxen.de\/wp-content\/uploads\/2020\/12\/129958282_4259625460720659_3106380633220064911_n.jpg 828w, https:\/\/pixxen.de\/wp-content\/uploads\/2020\/12\/129958282_4259625460720659_3106380633220064911_n-300x300.jpg 300w, https:\/\/pixxen.de\/wp-content\/uploads\/2020\/12\/129958282_4259625460720659_3106380633220064911_n-150x150.jpg 150w, https:\/\/pixxen.de\/wp-content\/uploads\/2020\/12\/129958282_4259625460720659_3106380633220064911_n-768x768.jpg 768w, https:\/\/pixxen.de\/wp-content\/uploads\/2020\/12\/129958282_4259625460720659_3106380633220064911_n-100x100.jpg 100w, https:\/\/pixxen.de\/wp-content\/uploads\/2020\/12\/129958282_4259625460720659_3106380633220064911_n-250x250.jpg 250w, https:\/\/pixxen.de\/wp-content\/uploads\/2020\/12\/129958282_4259625460720659_3106380633220064911_n-350x350.jpg 350w\" sizes=\"(max-width: 767px) 89vw, (max-width: 1000px) 54vw, (max-width: 1071px) 543px, 580px\" \/><\/figure><div class=\"wp-block-media-text__content\">\n<h2>Advent<\/h2>\n<\/div><\/div>\n\n\n\n<p>Ist doch auch mal gut, nicht jede Woche auf 3 Weihnachtsfeiern zu m\u00fcssen, oder? Naja, weniger Stress, ok. Aber auch weniger Stimmung. Die m\u00fcsst ihr also selber machen. Wir empfehlen: Ordentlichen Gl\u00fchwein oder Grog aufsetzen, Teig kneten und betrunken Kekse mit den Liebsten backen. Nat\u00fcrlich nur mit maximal f\u00fcnf Personen aus am besten einem oder ausnahmsweise auch zwei Haushalten, sonst gibts sp\u00e4ter keine Geschenke!<\/p>\n\n\n\n<h2>In diesem Sinne: Passt auf euch und eure liebsten auf und macht euch eine schicken Adventszeit! <\/h2>\n","protected":false},"excerpt":{"rendered":"<p>Normalerweise ist euer Pixxenteam nun besch\u00e4ftigt damit, Bands zu sichten, mit Firmen zu verhandeln, Papierkram vorzubereiten und das Festival zu planen. Dieses Jahr ist auch das anders. Alle Bands, die 2020 gespielt h\u00e4tten, haben wir f\u00fcr 2021 verpflichtet. Die wirklichen Planungen k\u00f6nnen erst starten, wenn es ein klares GO der Regierung bzw. der zust\u00e4ndigen Beh\u00f6rden &hellip; <\/p>\n<p class=\"link-more\"><a href=\"https:\/\/pixxen.de\/index.php\/2020\/12\/04\/und-sonst-so\/\" class=\"more-link\"><span class=\"screen-reader-text\">\u201eUnd sonst so?\u201c<\/span> weiterlesen<\/a><\/p>\n","protected":false},"author":2,"featured_media":0,"comment_status":"open","ping_status":"closed","sticky":false,"template":"","format":"standard","meta":[],"categories":[11],"tags":[],"_links":{"self":[{"href":"https:\/\/pixxen.de\/index.php\/wp-json\/wp\/v2\/posts\/5896"}],"collection":[{"href":"https:\/\/pixxen.de\/index.php\/wp-json\/wp\/v2\/posts"}],"about":[{"href":"https:\/\/pixxen.de\/index.php\/wp-json\/wp\/v2\/types\/post"}],"author":[{"embeddable":true,"href":"https:\/\/pixxen.de\/index.php\/wp-json\/wp\/v2\/users\/2"}],"replies":[{"embeddable":true,"href":"https:\/\/pixxen.de\/index.php\/wp-json\/wp\/v2\/comments?post=5896"}],"version-history":[{"count":6,"href":"https:\/\/pixxen.de\/index.php\/wp-json\/wp\/v2\/posts\/5896\/revisions"}],"predecessor-version":[{"id":5909,"href":"https:\/\/pixxen.de\/index.php\/wp-json\/wp\/v2\/posts\/5896\/revisions\/5909"}],"wp:attachment":[{"href":"https:\/\/pixxen.de\/index.php\/wp-json\/wp\/v2\/media?parent=5896"}],"wp:term":[{"taxonomy":"category","embeddable":true,"href":"https:\/\/pixxen.de\/index.php\/wp-json\/wp\/v2\/categories?post=5896"},{"taxonomy":"post_tag","embeddable":true,"href":"https:\/\/pixxen.de\/index.php\/wp-json\/wp\/v2\/tags?post=5896"}],"curies":[{"name":"wp","href":"https:\/\/api.w.org\/{rel}","templated":true}]}}