{"id":5939,"date":"2021-06-30T09:42:11","date_gmt":"2021-06-30T09:42:11","guid":{"rendered":"https:\/\/pixxen.de\/?p=5939"},"modified":"2021-06-30T10:18:42","modified_gmt":"2021-06-30T10:18:42","slug":"planung-pixxen-festival-2021","status":"publish","type":"post","link":"https:\/\/pixxen.de\/index.php\/2021\/06\/30\/planung-pixxen-festival-2021\/","title":{"rendered":"Planung Pixxen Festival 2021"},"content":{"rendered":"\n<p>Wir haben ja gesagt, dass wir etwas planen! <\/p>\n\n\n\n<p>Direkt mit der Ver\u00f6ffentlichung der neuen Verordnung haben wir letzte Woche mit der Planung losgelegt, unser Konzept wird derzeit gepr\u00fcft. Fast alle Bands, die f\u00fcr 2020 gebucht waren, konnten wir an beiden Abenden unterbringen und hoffen so einem gro\u00dfen Teil der Pixxengemeinde am Wochenende um den 20. &amp; 21. August in Neukamperfehn ein Zuhause bieten zu k\u00f6nnen!<\/p>\n\n\n\n<figure class=\"wp-block-pullquote\"><blockquote><p><strong>&#8212;&gt; 20. &amp; 21.08.2021 &lt;&#8212;<\/strong><\/p><cite>IM KALENDER MARKIEREN<\/cite><\/blockquote><\/figure>\n\n\n\n<p>Mehr erfahrt ihr nun online und in den kommenden Tagen in der <a href=\"https:\/\/www.facebook.com\/OstfriesenZeitung\/?__cft__[0]=AZWJhLCtkUziAjtSezDpBBnt41GqoKBhbnJI-zo2Pa5oieA5pyOg-wNnhDwL9cfl_bA01XBGmJSqz8hm8O5StuAFhjiVpxF7SrF79ipo3XT5PXksv1uQeDRoHCXaRy31paU&amp;__tn__=kK-R\">Ostfriesen-Zeitung<\/a>! Finale News gibt es dann hoffentlich in 3 Wochen, dann kann, wenn alles mitl\u00e4uft, auch schon der Kartenvorverkauf starten. Karten, die bereits im Fr\u00fchjahr 2020 gekauft wurden, werden ihre G\u00fcltigkeit f\u00fcr Samstag, den 21.08 behalten! <\/p>\n\n\n\n<figure class=\"wp-block-image size-large\"><a href=\"https:\/\/www.oz-online.de\/-news\/artikel\/1019493\/Pixxen-Festival-soll-dieses-Mal-an-zwei-Tagen-stattfinden\"><img loading=\"lazy\" width=\"589\" height=\"514\" src=\"https:\/\/pixxen.de\/wp-content\/uploads\/2021\/06\/Unbenannt.jpg\" alt=\"\" class=\"wp-image-5948\" srcset=\"https:\/\/pixxen.de\/wp-content\/uploads\/2021\/06\/Unbenannt.jpg 589w, https:\/\/pixxen.de\/wp-content\/uploads\/2021\/06\/Unbenannt-300x262.jpg 300w, https:\/\/pixxen.de\/wp-content\/uploads\/2021\/06\/Unbenannt-350x305.jpg 350w\" sizes=\"(max-width: 589px) 100vw, 589px\" \/><\/a><figcaption>Gelange durch Klick auf den Bild zum OZ-Artikel!<\/figcaption><\/figure>\n","protected":false},"excerpt":{"rendered":"<p>Wir haben ja gesagt, dass wir etwas planen! Direkt mit der Ver\u00f6ffentlichung der neuen Verordnung haben wir letzte Woche mit der Planung losgelegt, unser Konzept wird derzeit gepr\u00fcft. Fast alle Bands, die f\u00fcr 2020 gebucht waren, konnten wir an beiden Abenden unterbringen und hoffen so einem gro\u00dfen Teil der Pixxengemeinde am Wochenende um den 20. &hellip; <\/p>\n<p class=\"link-more\"><a href=\"https:\/\/pixxen.de\/index.php\/2021\/06\/30\/planung-pixxen-festival-2021\/\" class=\"more-link\"><span class=\"screen-reader-text\">\u201ePlanung Pixxen Festival 2021\u201c<\/span> weiterlesen<\/a><\/p>\n","protected":false},"author":2,"featured_media":0,"comment_status":"open","ping_status":"closed","sticky":false,"template":"","format":"standard","meta":[],"categories":[11],"tags":[],"_links":{"self":[{"href":"https:\/\/pixxen.de\/index.php\/wp-json\/wp\/v2\/posts\/5939"}],"collection":[{"href":"https:\/\/pixxen.de\/index.php\/wp-json\/wp\/v2\/posts"}],"about":[{"href":"https:\/\/pixxen.de\/index.php\/wp-json\/wp\/v2\/types\/post"}],"author":[{"embeddable":true,"href":"https:\/\/pixxen.de\/index.php\/wp-json\/wp\/v2\/users\/2"}],"replies":[{"embeddable":true,"href":"https:\/\/pixxen.de\/index.php\/wp-json\/wp\/v2\/comments?post=5939"}],"version-history":[{"count":4,"href":"https:\/\/pixxen.de\/index.php\/wp-json\/wp\/v2\/posts\/5939\/revisions"}],"predecessor-version":[{"id":5950,"href":"https:\/\/pixxen.de\/index.php\/wp-json\/wp\/v2\/posts\/5939\/revisions\/5950"}],"wp:attachment":[{"href":"https:\/\/pixxen.de\/index.php\/wp-json\/wp\/v2\/media?parent=5939"}],"wp:term":[{"taxonomy":"category","embeddable":true,"href":"https:\/\/pixxen.de\/index.php\/wp-json\/wp\/v2\/categories?post=5939"},{"taxonomy":"post_tag","embeddable":true,"href":"https:\/\/pixxen.de\/index.php\/wp-json\/wp\/v2\/tags?post=5939"}],"curies":[{"name":"wp","href":"https:\/\/api.w.org\/{rel}","templated":true}]}}