{"id":619,"date":"2019-09-02T08:41:07","date_gmt":"2019-09-02T08:41:07","guid":{"rendered":"https:\/\/pixxen.de\/?p=619"},"modified":"2019-09-02T12:54:59","modified_gmt":"2019-09-02T12:54:59","slug":"foto-linksammlung-2019","status":"publish","type":"post","link":"https:\/\/pixxen.de\/index.php\/2019\/09\/02\/foto-linksammlung-2019\/","title":{"rendered":"Foto &#038; Linksammlung 2019"},"content":{"rendered":"\n<figure class=\"wp-block-image\"><img loading=\"lazy\" width=\"1024\" height=\"682\" src=\"https:\/\/pixxen.de\/wp-content\/uploads\/2019\/09\/DSC_2506-1024x682.jpg\" alt=\"\" class=\"wp-image-620\" srcset=\"https:\/\/pixxen.de\/wp-content\/uploads\/2019\/09\/DSC_2506-1024x682.jpg 1024w, https:\/\/pixxen.de\/wp-content\/uploads\/2019\/09\/DSC_2506-350x233.jpg 350w, https:\/\/pixxen.de\/wp-content\/uploads\/2019\/09\/DSC_2506-300x200.jpg 300w, https:\/\/pixxen.de\/wp-content\/uploads\/2019\/09\/DSC_2506-768x511.jpg 768w\" sizes=\"(max-width: 767px) 89vw, (max-width: 1000px) 54vw, (max-width: 1071px) 543px, 580px\" \/><\/figure>\n\n\n\n<p>Wie jedes Jahr waren wir viel zu besch\u00e4ftigt, um selbst viele Bilder zu schie\u00dfen. Daher findet ihr hier eine \u00dcbersicht, wo die Bilder der verschiedenen Fotografen zu finden sind! Klickt einfach auf die Links!<\/p>\n\n\n\n<h2>Bilder<\/h2>\n\n\n\n<p><a href=\"https:\/\/fotoshare.co\/u\/636168265\/10.Pixxen-festival-Neukamperfehn\">Fotobox Pixxen Festival<\/a><br><a href=\"https:\/\/www.facebook.com\/pg\/akphotomyview\/photos\/?tab=album&amp;album_id=2339290296157741\">My View &#8211; Artists<\/a><br><a href=\"https:\/\/www.facebook.com\/pg\/friikypictures\/photos\/?tab=album&amp;album_id=2935206283371541&amp;__xts__%5B0%5D=68.ARBE4N0ZbYzRT_iOSKjRTnfe5wT4pLI_F6qi9ThPZlQyii2obDXyfyTN97FDMewqc8CEfnkUh-JgE8r-pm3VWcGY5HAknHu4SM41rr78q7FE8NsOmni1SctqJI6RQ9g8VGL92vAMytJTy74bVZf-_xRJdAfMNLpktR_N43KESeirSGZS7i5Pq5sIKdhOX83-YwxOjCRXTRQRuGDGsNbZdnA2qV4F35Zgl1WkZk3_nSLd27Z-tFenQiAZliSVR53XbWHSKWV9DyC5tYm6OmHI1C_k6OVZROpk_Iy29o4MQ8yzdAx1Hp55YcniiQihEoKpURdL93HWK2bE31YUQMoWj19KgFkfEmXdxxw3ylL2VDHjrrN70hSM2h08gZxEfK-HTDJXl5ODZUv8iEDy3MUlPE_3AzMNgPD6YOm42CbBdScyYZVbKM1X9yyLAReQg60am12oc1Gow1kxHgS1gXB3B1v3sw&amp;__tn__=-UC-R\">FriikyMike Pictures<\/a><br><a href=\"https:\/\/www.facebook.com\/pg\/PCP.Production\/photos\/?tab=album&amp;album_id=2401663613255706\">PCP &#8211; Besucher &amp; Artists Teil 1<\/a><br><a href=\"https:\/\/www.facebook.com\/pg\/PCP.Production\/photos\/?tab=album&amp;album_id=2401597676595633&amp;__tn__=-UC-R\">PCP &#8211; Besucher &amp; Artists Teil 2<\/a><br><a href=\"https:\/\/www.facebook.com\/pg\/Pixxenfestival\/photos\/?tab=album&amp;album_id=2592585990771994\">Grafikstudio17 &#8211; Besucher &amp; Artists<\/a><br><a href=\"https:\/\/www.facebook.com\/pg\/Pixxenfestival\/photos\/?tab=album&amp;album_id=761595420537736\">Pixxen &#8211; hinter den Kulissen<\/a><\/p>\n\n\n\n<figure class=\"wp-block-image\"><img loading=\"lazy\" width=\"1024\" height=\"683\" src=\"https:\/\/pixxen.de\/wp-content\/uploads\/2019\/09\/20190825_031219_018-1024x683.jpg\" alt=\"\" class=\"wp-image-621\" srcset=\"https:\/\/pixxen.de\/wp-content\/uploads\/2019\/09\/20190825_031219_018-1024x683.jpg 1024w, https:\/\/pixxen.de\/wp-content\/uploads\/2019\/09\/20190825_031219_018-350x233.jpg 350w, https:\/\/pixxen.de\/wp-content\/uploads\/2019\/09\/20190825_031219_018-300x200.jpg 300w, https:\/\/pixxen.de\/wp-content\/uploads\/2019\/09\/20190825_031219_018-768x512.jpg 768w\" sizes=\"(max-width: 767px) 89vw, (max-width: 1000px) 54vw, (max-width: 1071px) 543px, 580px\" \/><figcaption>Auch die Fotoboxen waren sehr beliebt 2019!<\/figcaption><\/figure>\n\n\n\n<p><\/p>\n\n\n\n<p>Weitere Bilder folgen!<\/p>\n\n\n\n<h2>Videos<\/h2>\n\n\n\n<figure class=\"wp-block-embed-youtube wp-block-embed is-type-video is-provider-youtube wp-embed-aspect-16-9 wp-has-aspect-ratio\"><div class=\"wp-block-embed__wrapper\">\n<iframe loading=\"lazy\" title=\"Pixxen Festival 2019 Aufbautag FPV Geheize\" width=\"525\" height=\"295\" src=\"https:\/\/www.youtube.com\/embed\/TO3DxbMSwsA?feature=oembed\" frameborder=\"0\" allow=\"accelerometer; autoplay; encrypted-media; gyroscope; picture-in-picture\" allowfullscreen><\/iframe>\n<\/div><figcaption>Dronenaufnahmen w\u00e4hrend des Aufbaus<\/figcaption><\/figure>\n\n\n\n<figure class=\"wp-block-embed-youtube wp-block-embed is-type-video is-provider-youtube wp-embed-aspect-4-3 wp-has-aspect-ratio\"><div class=\"wp-block-embed__wrapper\">\n<iframe loading=\"lazy\" title=\"Feuerwerk Pixxen Festival Neukamperfehn am 24.8.19\" width=\"525\" height=\"394\" src=\"https:\/\/www.youtube.com\/embed\/bUTVsDJLOeM?feature=oembed\" frameborder=\"0\" allow=\"accelerometer; autoplay; encrypted-media; gyroscope; picture-in-picture\" allowfullscreen><\/iframe>\n<\/div><figcaption>Feuerwerk Pixxen Festival 2019<\/figcaption><\/figure>\n\n\n\n<figure class=\"wp-block-embed-youtube wp-block-embed is-type-video is-provider-youtube wp-embed-aspect-16-9 wp-has-aspect-ratio\"><div class=\"wp-block-embed__wrapper\">\n<iframe loading=\"lazy\" title=\"Hi! Spencer - Richtung Norden @ Pixxen Festival, Neukamperfehn (24.08.2019)\" width=\"525\" height=\"295\" src=\"https:\/\/www.youtube.com\/embed\/I17q_Wkz3s0?feature=oembed\" frameborder=\"0\" allow=\"accelerometer; autoplay; encrypted-media; gyroscope; picture-in-picture\" allowfullscreen><\/iframe>\n<\/div><figcaption>Hi!Spencer live<\/figcaption><\/figure>\n","protected":false},"excerpt":{"rendered":"<p>Wie jedes Jahr waren wir viel zu besch\u00e4ftigt, um selbst viele Bilder zu schie\u00dfen. Daher findet ihr hier eine \u00dcbersicht, wo die Bilder der verschiedenen Fotografen zu finden sind! Klickt einfach auf die Links! Bilder Fotobox Pixxen FestivalMy View &#8211; ArtistsFriikyMike PicturesPCP &#8211; Besucher &amp; Artists Teil 1PCP &#8211; Besucher &amp; Artists Teil 2Grafikstudio17 &#8211; &hellip; <\/p>\n<p class=\"link-more\"><a href=\"https:\/\/pixxen.de\/index.php\/2019\/09\/02\/foto-linksammlung-2019\/\" class=\"more-link\"><span class=\"screen-reader-text\">\u201eFoto &#038; Linksammlung 2019\u201c<\/span> weiterlesen<\/a><\/p>\n","protected":false},"author":2,"featured_media":0,"comment_status":"open","ping_status":"closed","sticky":false,"template":"","format":"standard","meta":[],"categories":[11],"tags":[],"_links":{"self":[{"href":"https:\/\/pixxen.de\/index.php\/wp-json\/wp\/v2\/posts\/619"}],"collection":[{"href":"https:\/\/pixxen.de\/index.php\/wp-json\/wp\/v2\/posts"}],"about":[{"href":"https:\/\/pixxen.de\/index.php\/wp-json\/wp\/v2\/types\/post"}],"author":[{"embeddable":true,"href":"https:\/\/pixxen.de\/index.php\/wp-json\/wp\/v2\/users\/2"}],"replies":[{"embeddable":true,"href":"https:\/\/pixxen.de\/index.php\/wp-json\/wp\/v2\/comments?post=619"}],"version-history":[{"count":3,"href":"https:\/\/pixxen.de\/index.php\/wp-json\/wp\/v2\/posts\/619\/revisions"}],"predecessor-version":[{"id":624,"href":"https:\/\/pixxen.de\/index.php\/wp-json\/wp\/v2\/posts\/619\/revisions\/624"}],"wp:attachment":[{"href":"https:\/\/pixxen.de\/index.php\/wp-json\/wp\/v2\/media?parent=619"}],"wp:term":[{"taxonomy":"category","embeddable":true,"href":"https:\/\/pixxen.de\/index.php\/wp-json\/wp\/v2\/categories?post=619"},{"taxonomy":"post_tag","embeddable":true,"href":"https:\/\/pixxen.de\/index.php\/wp-json\/wp\/v2\/tags?post=619"}],"curies":[{"name":"wp","href":"https:\/\/api.w.org\/{rel}","templated":true}]}}