{"id":6230,"date":"2022-08-05T08:10:39","date_gmt":"2022-08-05T08:10:39","guid":{"rendered":"https:\/\/pixxen.de\/?p=6230"},"modified":"2022-08-05T08:10:42","modified_gmt":"2022-08-05T08:10:42","slug":"shuttlebus-ab-leer","status":"publish","type":"post","link":"https:\/\/pixxen.de\/index.php\/2022\/08\/05\/shuttlebus-ab-leer\/","title":{"rendered":"Shuttlebus ab Leer"},"content":{"rendered":"\n<p class=\"has-drop-cap\">Trotz Fahrermangel und hohen Spritkosten k\u00f6nnen wir dieses Jahr dank Uffen Reisen auch 2022 wieder einen Bus f\u00fcr euch einsetzen!<a href=\"https:\/\/ticket2go.de\/#!\/event\/3165\" data-type=\"URL\" data-id=\"https:\/\/ticket2go.de\/#!\/event\/3165\"> Hin&amp;Her-Tickets f\u00fcr den Bus gibt es via Ticket2go!<\/a><\/p>\n\n\n\n<figure class=\"wp-block-image size-large\"><img loading=\"lazy\" width=\"1024\" height=\"1024\" src=\"https:\/\/pixxen.de\/wp-content\/uploads\/2022\/08\/Pixxen-Festival-2022_Busverbindung-1024x1024.png\" alt=\"\" class=\"wp-image-6227\" srcset=\"https:\/\/pixxen.de\/wp-content\/uploads\/2022\/08\/Pixxen-Festival-2022_Busverbindung-1024x1024.png 1024w, https:\/\/pixxen.de\/wp-content\/uploads\/2022\/08\/Pixxen-Festival-2022_Busverbindung-300x300.png 300w, https:\/\/pixxen.de\/wp-content\/uploads\/2022\/08\/Pixxen-Festival-2022_Busverbindung-150x150.png 150w, https:\/\/pixxen.de\/wp-content\/uploads\/2022\/08\/Pixxen-Festival-2022_Busverbindung-768x769.png 768w, https:\/\/pixxen.de\/wp-content\/uploads\/2022\/08\/Pixxen-Festival-2022_Busverbindung-100x100.png 100w, https:\/\/pixxen.de\/wp-content\/uploads\/2022\/08\/Pixxen-Festival-2022_Busverbindung-250x250.png 250w, https:\/\/pixxen.de\/wp-content\/uploads\/2022\/08\/Pixxen-Festival-2022_Busverbindung-350x350.png 350w, https:\/\/pixxen.de\/wp-content\/uploads\/2022\/08\/Pixxen-Festival-2022_Busverbindung.png 1080w\" sizes=\"(max-width: 767px) 89vw, (max-width: 1000px) 54vw, (max-width: 1071px) 543px, 580px\" \/><\/figure>\n\n\n\n<p>Der Bus f\u00e4hrt vom ZOB Leer \u00fcber Brinkum und Hesel nach Neukamperfehn. Ihr k\u00f6nnt ihn also mit der Bahn ab Emden oder Oldenburg oder mit der 460 ab Aurich kombinieren &#8211; das 9\u20ac Ticket l\u00e4sst gr\u00fc\u00dfen &#8211; ist in unserem Bus aber nicht g\u00fcltig!<\/p>\n","protected":false},"excerpt":{"rendered":"<p>Trotz Fahrermangel und hohen Spritkosten k\u00f6nnen wir dieses Jahr dank Uffen Reisen auch 2022 wieder einen Bus f\u00fcr euch einsetzen! Hin&amp;Her-Tickets f\u00fcr den Bus gibt es via Ticket2go! Der Bus f\u00e4hrt vom ZOB Leer \u00fcber Brinkum und Hesel nach Neukamperfehn. Ihr k\u00f6nnt ihn also mit der Bahn ab Emden oder Oldenburg oder mit der 460 &hellip; <\/p>\n<p class=\"link-more\"><a href=\"https:\/\/pixxen.de\/index.php\/2022\/08\/05\/shuttlebus-ab-leer\/\" class=\"more-link\"><span class=\"screen-reader-text\">\u201eShuttlebus ab Leer\u201c<\/span> weiterlesen<\/a><\/p>\n","protected":false},"author":2,"featured_media":0,"comment_status":"open","ping_status":"closed","sticky":false,"template":"","format":"standard","meta":[],"categories":[11],"tags":[],"_links":{"self":[{"href":"https:\/\/pixxen.de\/index.php\/wp-json\/wp\/v2\/posts\/6230"}],"collection":[{"href":"https:\/\/pixxen.de\/index.php\/wp-json\/wp\/v2\/posts"}],"about":[{"href":"https:\/\/pixxen.de\/index.php\/wp-json\/wp\/v2\/types\/post"}],"author":[{"embeddable":true,"href":"https:\/\/pixxen.de\/index.php\/wp-json\/wp\/v2\/users\/2"}],"replies":[{"embeddable":true,"href":"https:\/\/pixxen.de\/index.php\/wp-json\/wp\/v2\/comments?post=6230"}],"version-history":[{"count":1,"href":"https:\/\/pixxen.de\/index.php\/wp-json\/wp\/v2\/posts\/6230\/revisions"}],"predecessor-version":[{"id":6231,"href":"https:\/\/pixxen.de\/index.php\/wp-json\/wp\/v2\/posts\/6230\/revisions\/6231"}],"wp:attachment":[{"href":"https:\/\/pixxen.de\/index.php\/wp-json\/wp\/v2\/media?parent=6230"}],"wp:term":[{"taxonomy":"category","embeddable":true,"href":"https:\/\/pixxen.de\/index.php\/wp-json\/wp\/v2\/categories?post=6230"},{"taxonomy":"post_tag","embeddable":true,"href":"https:\/\/pixxen.de\/index.php\/wp-json\/wp\/v2\/tags?post=6230"}],"curies":[{"name":"wp","href":"https:\/\/api.w.org\/{rel}","templated":true}]}}