{"id":6295,"date":"2023-01-27T15:03:26","date_gmt":"2023-01-27T15:03:26","guid":{"rendered":"https:\/\/pixxen.de\/?p=6295"},"modified":"2023-01-27T15:54:12","modified_gmt":"2023-01-27T15:54:12","slug":"jahreshauptversammlung-2023","status":"publish","type":"post","link":"https:\/\/pixxen.de\/index.php\/2023\/01\/27\/jahreshauptversammlung-2023\/","title":{"rendered":"Jahreshauptversammlung 2023"},"content":{"rendered":"\n<p>Der Pixxen e.V. geht in sein 9. Jahr seit Gr\u00fcndung und die n\u00e4chste wichtige Versammlung steht bald an. Die offizielle Einladung zur Jahreshauptversammlung und Helferparty am 25.02.23 ging die Tage per Post an alle Mitglieder raus:<\/p>\n\n\n\n<figure class=\"wp-block-image size-large\"><img loading=\"lazy\" width=\"693\" height=\"1024\" src=\"https:\/\/pixxen.de\/wp-content\/uploads\/2023\/01\/ffb65504-c3f2-492b-b4bb-73004d1ff267-1-693x1024.jpg\" alt=\"\" class=\"wp-image-6296\" srcset=\"https:\/\/pixxen.de\/wp-content\/uploads\/2023\/01\/ffb65504-c3f2-492b-b4bb-73004d1ff267-1-693x1024.jpg 693w, https:\/\/pixxen.de\/wp-content\/uploads\/2023\/01\/ffb65504-c3f2-492b-b4bb-73004d1ff267-1-203x300.jpg 203w, https:\/\/pixxen.de\/wp-content\/uploads\/2023\/01\/ffb65504-c3f2-492b-b4bb-73004d1ff267-1-768x1134.jpg 768w, https:\/\/pixxen.de\/wp-content\/uploads\/2023\/01\/ffb65504-c3f2-492b-b4bb-73004d1ff267-1-350x517.jpg 350w, https:\/\/pixxen.de\/wp-content\/uploads\/2023\/01\/ffb65504-c3f2-492b-b4bb-73004d1ff267-1.jpg 828w\" sizes=\"(max-width: 693px) 100vw, 693px\" \/><\/figure>\n\n\n\n<p>Die Jahreshauptversammlung ist f\u00fcr uns als gemeinn\u00fctziger eingetragener Verein neben dem Festival einer der wichtigsten \u00f6ffentlichen Termine des Jahres. <\/p>\n\n\n\n<p>Die anschlie\u00dfende Helferparty richtet sich nat\u00fcrlich an alle Mitglieder und Helfer der Festivals der Jahre 2020, 2021 und 2022, da wir dank Corona seit 2019 nicht mehr zum feiern gekommen sind!<\/p>\n","protected":false},"excerpt":{"rendered":"<p>Der Pixxen e.V. geht in sein 9. Jahr seit Gr\u00fcndung und die n\u00e4chste wichtige Versammlung steht bald an. Die offizielle Einladung zur Jahreshauptversammlung und Helferparty am 25.02.23 ging die Tage per Post an alle Mitglieder raus: Die Jahreshauptversammlung ist f\u00fcr uns als gemeinn\u00fctziger eingetragener Verein neben dem Festival einer der wichtigsten \u00f6ffentlichen Termine des Jahres. &hellip; <\/p>\n<p class=\"link-more\"><a href=\"https:\/\/pixxen.de\/index.php\/2023\/01\/27\/jahreshauptversammlung-2023\/\" class=\"more-link\"><span class=\"screen-reader-text\">\u201eJahreshauptversammlung 2023\u201c<\/span> weiterlesen<\/a><\/p>\n","protected":false},"author":2,"featured_media":0,"comment_status":"open","ping_status":"closed","sticky":false,"template":"","format":"standard","meta":[],"categories":[11],"tags":[],"_links":{"self":[{"href":"https:\/\/pixxen.de\/index.php\/wp-json\/wp\/v2\/posts\/6295"}],"collection":[{"href":"https:\/\/pixxen.de\/index.php\/wp-json\/wp\/v2\/posts"}],"about":[{"href":"https:\/\/pixxen.de\/index.php\/wp-json\/wp\/v2\/types\/post"}],"author":[{"embeddable":true,"href":"https:\/\/pixxen.de\/index.php\/wp-json\/wp\/v2\/users\/2"}],"replies":[{"embeddable":true,"href":"https:\/\/pixxen.de\/index.php\/wp-json\/wp\/v2\/comments?post=6295"}],"version-history":[{"count":2,"href":"https:\/\/pixxen.de\/index.php\/wp-json\/wp\/v2\/posts\/6295\/revisions"}],"predecessor-version":[{"id":6299,"href":"https:\/\/pixxen.de\/index.php\/wp-json\/wp\/v2\/posts\/6295\/revisions\/6299"}],"wp:attachment":[{"href":"https:\/\/pixxen.de\/index.php\/wp-json\/wp\/v2\/media?parent=6295"}],"wp:term":[{"taxonomy":"category","embeddable":true,"href":"https:\/\/pixxen.de\/index.php\/wp-json\/wp\/v2\/categories?post=6295"},{"taxonomy":"post_tag","embeddable":true,"href":"https:\/\/pixxen.de\/index.php\/wp-json\/wp\/v2\/tags?post=6295"}],"curies":[{"name":"wp","href":"https:\/\/api.w.org\/{rel}","templated":true}]}}