{"id":9,"date":"2019-05-11T14:45:30","date_gmt":"2019-05-11T14:45:30","guid":{"rendered":"https:\/\/pixxen.de\/?p=9"},"modified":"2019-05-31T12:01:41","modified_gmt":"2019-05-31T12:01:41","slug":"neues-jahr-neue-homepage","status":"publish","type":"post","link":"https:\/\/pixxen.de\/index.php\/2019\/05\/11\/neues-jahr-neue-homepage\/","title":{"rendered":"Neues Jahr, neue Homepage"},"content":{"rendered":"\n<p> F\u00fcr das 10. Pixxen <a href=\"https:\/\/pixxen.de\/index.php\/festival\/\">Festival<\/a> schmei\u00dfen wir nat\u00fcrlich auch unsere Onlinepr\u00e4senz in ein neues Kleid! Hier findet ihr von nun an alles Wissenswerte, nach und nach f\u00fcttern wir euch mit mehr Infos zur diesj\u00e4hrigen Ausgabe. <\/p>\n\n\n\n<p>Hier gibt es auch viele interessante Fakten und Geschichten zu unserer <a href=\"https:\/\/pixxen.de\/index.php\/verein\/\">Vereinsgeschichte<\/a> und eine Vorstellung unserer <a href=\"https:\/\/pixxen.de\/index.php\/unterstuetzer\/\">Wegbegleiter<\/a> und Unterst\u00fctzer. Auch findet ihr hier unser <a href=\"https:\/\/pixxen.de\/index.php\/verein\/pressearchiv\/\">Pressearchiv<\/a> und unsere <a href=\"https:\/\/pixxen.de\/index.php\/verein\/satzung\/\">Satzung<\/a>.<\/p>\n\n\n\n<p> Dazu findet ihr hier auch die <a href=\"http:\/\/galerie.pixxen.de\/\">Galerie<\/a>, die Anfahrtsbeschreibung sowie Links zu unseren Profilen bei Twitter, Facebook und Instagram! Eine <a href=\"https:\/\/pixxen.de\/index.php\/verein\/hall-of-fame\/\">Hall of Fame<\/a> und unsere <a href=\"https:\/\/pixxen.de\/index.php\/verein\/meilensteine\/\">Meilensteine<\/a> d\u00fcrfen nat\u00fcrlich auch nicht fehlen. <\/p>\n\n\n\n<p> Wenn euch etwas fehlt, immer nachhaken, damit wir euch immer die beste \u00dcbersicht garantieren k\u00f6nnen! Unter <a href=\"https:\/\/pixxen.de\/index.php\/info\/kontakt\/\">Kontakt<\/a> findet ihr euren Weg zu uns.<\/p>\n\n\n\n<p> Wissenswertes findet ihr auch unter<a href=\"https:\/\/pixxen.de\/index.php\/info\/impressum\/\"> Impressum<\/a> und <a href=\"https:\/\/pixxen.de\/index.php\/info\/datenschutzerklaerung\/\">Datenschutz<\/a>!  <\/p>\n","protected":false},"excerpt":{"rendered":"<p>F\u00fcr das 10. Pixxen Festival schmei\u00dfen wir nat\u00fcrlich auch unsere Onlinepr\u00e4senz in ein neues Kleid! Hier findet ihr von nun an alles Wissenswerte, nach und nach f\u00fcttern wir euch mit mehr Infos zur diesj\u00e4hrigen Ausgabe. Hier gibt es auch viele interessante Fakten und Geschichten zu unserer Vereinsgeschichte und eine Vorstellung unserer Wegbegleiter und Unterst\u00fctzer. Auch &hellip; <\/p>\n<p class=\"link-more\"><a href=\"https:\/\/pixxen.de\/index.php\/2019\/05\/11\/neues-jahr-neue-homepage\/\" class=\"more-link\"><span class=\"screen-reader-text\">\u201eNeues Jahr, neue Homepage\u201c<\/span> weiterlesen<\/a><\/p>\n","protected":false},"author":1,"featured_media":460,"comment_status":"open","ping_status":"open","sticky":false,"template":"","format":"standard","meta":[],"categories":[5],"tags":[16,17,21,22,7,23],"_links":{"self":[{"href":"https:\/\/pixxen.de\/index.php\/wp-json\/wp\/v2\/posts\/9"}],"collection":[{"href":"https:\/\/pixxen.de\/index.php\/wp-json\/wp\/v2\/posts"}],"about":[{"href":"https:\/\/pixxen.de\/index.php\/wp-json\/wp\/v2\/types\/post"}],"author":[{"embeddable":true,"href":"https:\/\/pixxen.de\/index.php\/wp-json\/wp\/v2\/users\/1"}],"replies":[{"embeddable":true,"href":"https:\/\/pixxen.de\/index.php\/wp-json\/wp\/v2\/comments?post=9"}],"version-history":[{"count":3,"href":"https:\/\/pixxen.de\/index.php\/wp-json\/wp\/v2\/posts\/9\/revisions"}],"predecessor-version":[{"id":381,"href":"https:\/\/pixxen.de\/index.php\/wp-json\/wp\/v2\/posts\/9\/revisions\/381"}],"wp:featuredmedia":[{"embeddable":true,"href":"https:\/\/pixxen.de\/index.php\/wp-json\/wp\/v2\/media\/460"}],"wp:attachment":[{"href":"https:\/\/pixxen.de\/index.php\/wp-json\/wp\/v2\/media?parent=9"}],"wp:term":[{"taxonomy":"category","embeddable":true,"href":"https:\/\/pixxen.de\/index.php\/wp-json\/wp\/v2\/categories?post=9"},{"taxonomy":"post_tag","embeddable":true,"href":"https:\/\/pixxen.de\/index.php\/wp-json\/wp\/v2\/tags?post=9"}],"curies":[{"name":"wp","href":"https:\/\/api.w.org\/{rel}","templated":true}]}}